{"id":3096,"date":"2015-04-27T13:38:21","date_gmt":"2015-04-27T12:38:21","guid":{"rendered":"http:\/\/consorcioserrano.es\/?p=3096"},"modified":"2017-11-10T11:19:31","modified_gmt":"2017-11-10T10:19:31","slug":"incremento-del-1020-la-exportacion-los-jamones-curados-espanoles","status":"publish","type":"post","link":"https:\/\/consorcioserrano.es\/fr\/incremento-del-1020-la-exportacion-los-jamones-curados-espanoles\/","title":{"rendered":"Augmentation de 10,20% des exportations de jambons espagnols"},"content":{"rendered":"<div class=\"wpb-content-wrapper\" id=\"wpb-content-root\"><p>[vc_row][vc_column width=\u00a0\u00bb9\/12&Prime;][vc_single_image image=\u00a0\u00bb2911&Prime; img_size=\u00a0\u00bbfull\u00a0\u00bb]\n<div id=\"ersspace-1\"><\/div><style type=\"text\/css\">#ersspace-1 { height: 20px; }<\/style>[vc_column_text]Une fois de plus, le secteur des jambons sal\u00e9s a entra\u00een\u00e9 une augmentation de la consommation sur les march\u00e9s \u00e9trangers, notamment de 10,20% selon les donn\u00e9es de l&rsquo;AEAT, ce qui conforte la tendance \u00e0 la hausse des exportations espagnoles de ce produit. Il est important de souligner l&rsquo;importance des march\u00e9s europ\u00e9ens dans les jambons sal\u00e9s, de sorte que la part de march\u00e9 des pays de l&rsquo;Union europ\u00e9enne repr\u00e9sente plus de 80% des exportations de ce type de produits. Au sein de l&rsquo;Union europ\u00e9enne, les march\u00e9s de l&rsquo;Allemagne et de la France sont sans aucun doute les march\u00e9s les plus importants, dans lesquels, au cours de la p\u00e9riode d&rsquo;analyse, ils ont \u00e9galement r\u00e9alis\u00e9 des progr\u00e8s notables dans la consommation de jambon espagnol. Dans les pays tiers en dehors de l&rsquo;Union europ\u00e9enne, le Mexique se consolide en tant que march\u00e9 attractif pour le jambon cru espagnol.<\/p>\n<p>En ce qui concerne le volume du chiffre d&rsquo;affaires, il a \u00e9galement augment\u00e9 plus que proportionnellement par rapport \u00e0 l&rsquo;augmentation du volume, ce qui signifie que le niveau des prix de vente \u00e0 l&rsquo;exportation a l\u00e9g\u00e8rement augment\u00e9. C&rsquo;est un signe qui refl\u00e8te l&rsquo;engagement \u00e0 la reconnaissance par lequel les march\u00e9s \u00e9trangers appr\u00e9cient un jambon de qualit\u00e9. Pour le consortium espagnol du jambon Serrano, le jambon de qualit\u00e9 est le symbole de l&rsquo;identit\u00e9 et l&rsquo;un des principaux axes d&rsquo;une strat\u00e9gie d&rsquo;internationalisation durable.[\/vc_column_text][\/vc_column][vc_column width=\u00a0\u00bb3\/12&Prime;][vc_row_inner][vc_column_inner el_class=\u00a0\u00bbpanel-special-aside\u00a0\u00bb][vc_column_text]<\/p>\n<h3><span style=\"color: #e82f37;\">Derni\u00e8res nouvelles<br \/>\n<\/span><\/h3>\n<p><form style=\"display:none;\" autocomplete=\"off\" name=\"wpv-filter-1971-TCPID3096\" action=\"\/fr\/wp-json\/wp\/v2\/posts\/3096?wpv_view_count=1971-TCPID3096\" method=\"get\" class=\"wpv-filter-form js-wpv-filter-form js-wpv-filter-form-1971-TCPID3096 js-wpv-form-full js-wpv-dps-enabled js-wpv-ajax-results-enabled\" data-viewnumber=\"1971-TCPID3096\" data-viewid=\"1971\" data-viewhash=\"eyJuYW1lIjoibm90aWNpYXMteS1wcmVuc2EtYmFycmEtbGF0ZXJhbCIsInZpZXdfZGlzcGxheSI6ImxheW91dCJ9\" data-viewwidgetid=\"0\" data-orderby=\"\" data-order=\"\" data-orderbyas=\"\" data-orderbysecond=\"\" data-ordersecond=\"\" data-parametric=\"{&quot;query&quot;:&quot;normal&quot;,&quot;id&quot;:1971,&quot;view_id&quot;:1971,&quot;widget_id&quot;:0,&quot;view_hash&quot;:&quot;1971-TCPID3096&quot;,&quot;action&quot;:&quot;\\\/fr\\\/wp-json\\\/wp\\\/v2\\\/posts\\\/3096?wpv_view_count=1971-TCPID3096&quot;,&quot;sort&quot;:{&quot;orderby&quot;:&quot;&quot;,&quot;order&quot;:&quot;&quot;,&quot;orderby_as&quot;:&quot;&quot;,&quot;orderby_second&quot;:&quot;&quot;,&quot;order_second&quot;:&quot;&quot;},&quot;orderby&quot;:&quot;&quot;,&quot;order&quot;:&quot;&quot;,&quot;orderby_as&quot;:&quot;&quot;,&quot;orderby_second&quot;:&quot;&quot;,&quot;order_second&quot;:&quot;&quot;,&quot;ajax_form&quot;:&quot;&quot;,&quot;ajax_results&quot;:&quot;&quot;,&quot;effect&quot;:&quot;fade&quot;,&quot;prebefore&quot;:&quot;&quot;,&quot;before&quot;:&quot;&quot;,&quot;after&quot;:&quot;&quot;,&quot;attributes&quot;:{&quot;view_display&quot;:&quot;layout&quot;},&quot;environment&quot;:{&quot;current_post_id&quot;:3096,&quot;parent_post_id&quot;:3096,&quot;parent_term_id&quot;:0,&quot;parent_user_id&quot;:0,&quot;archive&quot;:{&quot;type&quot;:&quot;&quot;,&quot;name&quot;:&quot;&quot;,&quot;data&quot;:[]}},&quot;loop&quot;:{&quot;type&quot;:&quot;&quot;,&quot;name&quot;:&quot;&quot;,&quot;data&quot;:[],&quot;id&quot;:0}}\" data-attributes=\"{&quot;view_display&quot;:&quot;layout&quot;}\" data-environment=\"{&quot;current_post_id&quot;:3096,&quot;parent_post_id&quot;:3096,&quot;parent_term_id&quot;:0,&quot;parent_user_id&quot;:0,&quot;archive&quot;:{&quot;type&quot;:&quot;&quot;,&quot;name&quot;:&quot;&quot;,&quot;data&quot;:[]}}\"><input type=\"hidden\" class=\"js-wpv-dps-filter-data js-wpv-filter-data-for-this-form\" data-action=\"\/fr\/wp-json\/wp\/v2\/posts\/3096?wpv_view_count=1971-TCPID3096\" data-page=\"1\" data-ajax=\"enable\" data-effect=\"fade\" data-maxpages=\"7\" data-ajaxprebefore=\"\" data-ajaxbefore=\"\" data-ajaxafter=\"\" \/><input class=\"wpv_view_count wpv_view_count-1971-TCPID3096\" type=\"hidden\" name=\"wpv_view_count\" value=\"1971-TCPID3096\" \/>\n\n\n<div class=\"vc_row wpb_row vc_row-fluid vc_row-no-padding recetas-sidebar\">\n  <div class=\"wpb_column vc_column_container\">\n    <div class=\"vc_column-inner\">\n      <div class=\"wpb_wrapper\">\n        <div class=\"vc_col-xs-12 vc_col-sm-6 vc_col-md-6 vc_col-lg-6\">\n\t\t<div class=\"form-group\">\n          <label>Categor\u00edas<\/label>\n          <div class=\"checkbox\"><label for=\"post_category-foires-et-evenements\"><input type=\"checkbox\" id=\"post_category-foires-et-evenements\" class=\"js-wpv-filter-trigger\" name=\"wpv-category[]\" value=\"foires-et-evenements\" \/>Foires et \u00c9v\u00e9nements<\/label><\/div><div class=\"checkbox\"><label for=\"post_category-nouvelles-et-presse\"><input type=\"checkbox\" id=\"post_category-nouvelles-et-presse\" class=\"js-wpv-filter-trigger\" name=\"wpv-category[]\" value=\"nouvelles-et-presse\" \/>Nouvelles et Presse<\/label><\/div><div class=\"checkbox\"><label for=\"post_category-a-propos-de-consorcio-serrano\"><input type=\"checkbox\" id=\"post_category-a-propos-de-consorcio-serrano\" class=\"js-wpv-filter-trigger\" name=\"wpv-category[]\" value=\"a-propos-de-consorcio-serrano\" \/>\u00c0 propos de Consorcio Serrano<\/label><\/div><div class=\"checkbox\"><label for=\"post_category-a-propos-de-jambon-serrano\"><input type=\"checkbox\" id=\"post_category-a-propos-de-jambon-serrano\" class=\"js-wpv-filter-trigger\" name=\"wpv-category[]\" value=\"a-propos-de-jambon-serrano\" \/>\u00c0 propos de Jambon Serrano<\/label><\/div>\n      \t<\/div>\t\n        <\/div>\n        \n  \n        \n        \n      <\/div>\n    <\/div>\n  <\/div>\n  \n<\/div>\n\n<div class=\"vc_row wpb_row vc_row-fluid vc_row-no-padding recetas-buscar\">\n  <div class=\"wpb_column vc_column_container\">\n    <div class=\"vc_column-inner\">\n      <div class=\"wpb_wrapper\">\n      \n        <div class=\"vc_col-xs-12 vc_col-sm-12 vc_col-md-12 vc_col-lg-12 vc_receta_search\">\n          <p><span>Rechercher une recette <\/span>\n            <input type=\"text\" name=\"wpv_post_search\"  class=\"js-wpv-filter-trigger-delayed form-control\" \/>\n      \t\t<button type=\"submit\" class=\"wpv-submit-trigger js-wpv-submit-trigger\">Chercher<\/button>\n            \n          <\/p>\n        <\/div>\n        \n      <\/div>\n    <\/div>\n  <\/div>\n  \n<\/div>\n\n\n\n\n\n<\/form>\n<div id=\"wpv-view-layout-1971-TCPID3096\" class=\"js-wpv-view-layout js-wpv-layout-responsive js-wpv-view-layout-1971-TCPID3096\" data-viewnumber=\"1971-TCPID3096\" data-pagination=\"{&quot;id&quot;:1971,&quot;query&quot;:&quot;normal&quot;,&quot;type&quot;:&quot;paged&quot;,&quot;effect&quot;:&quot;fade&quot;,&quot;duration&quot;:500,&quot;speed&quot;:5,&quot;pause_on_hover&quot;:&quot;disabled&quot;,&quot;stop_rollover&quot;:&quot;false&quot;,&quot;cache_pages&quot;:&quot;enabled&quot;,&quot;preload_images&quot;:&quot;enabled&quot;,&quot;preload_pages&quot;:&quot;enabled&quot;,&quot;preload_reach&quot;:1,&quot;spinner&quot;:&quot;builtin&quot;,&quot;spinner_image&quot;:&quot;https:\/\/consorcioserrano.es\/wp-content\/plugins\/types-views\/embedded\/res\/img\/ajax-loader.gif&quot;,&quot;callback_next&quot;:&quot;&quot;,&quot;manage_history&quot;:&quot;enabled&quot;,&quot;has_controls_in_form&quot;:&quot;disabled&quot;,&quot;infinite_tolerance&quot;:0,&quot;max_pages&quot;:7,&quot;page&quot;:1,&quot;base_permalink&quot;:&quot;\/fr\/wp-json\/wp\/v2\/posts\/3096?wpv_view_count=1971-TCPID3096&amp;wpv_paged=WPV_PAGE_NUM&quot;,&quot;loop&quot;:{&quot;type&quot;:&quot;&quot;,&quot;name&quot;:&quot;&quot;,&quot;data&quot;:[],&quot;id&quot;:0}}\" data-permalink=\"\/fr\/wp-json\/wp\/v2\/posts\/3096?wpv_view_count=1971-TCPID3096\">\n\n\t\n\t\n\t\n\t\t\n\t\t\t<div class=\"vc_col-sm-122\"><div class=\"vc_recipe \">\n  \n \n\n  <div class=\"vc_recipe_sidebar\">\n  \t<a href=\"https:\/\/consorcioserrano.es\/fr\/les-exportations-jambon-et-palettes-crus-augmentent-1417-jusquau-troisieme-trimestre-2021\/\"><img width=\"612\" height=\"406\" src=\"https:\/\/consorcioserrano.es\/wp-content\/uploads\/2021\/12\/camion_contenedores.jpg\" class=\"attachment-full size-full img-responsive wp-post-image\" alt=\"Exportacion Jam\u00f3n Serrano\" srcset=\"https:\/\/consorcioserrano.es\/wp-content\/uploads\/2021\/12\/camion_contenedores.jpg 612w, https:\/\/consorcioserrano.es\/wp-content\/uploads\/2021\/12\/camion_contenedores-300x199.jpg 300w, https:\/\/consorcioserrano.es\/wp-content\/uploads\/2021\/12\/camion_contenedores-220x146.jpg 220w, https:\/\/consorcioserrano.es\/wp-content\/uploads\/2021\/12\/camion_contenedores-50x33.jpg 50w, https:\/\/consorcioserrano.es\/wp-content\/uploads\/2021\/12\/camion_contenedores-113x75.jpg 113w\" sizes=\"(max-width:767px) 480px, 612px\" decoding=\"async\" fetchpriority=\"high\" \/><\/a>\n\n\t<div class=\"vc_recipe-link\">\n    \t<h3><a href=\"https:\/\/consorcioserrano.es\/fr\/les-exportations-jambon-et-palettes-crus-augmentent-1417-jusquau-troisieme-trimestre-2021\/\">Les exportations de jambon et de palettes crus augmentent de 14,17\u00a0% jusqu\u2019au troisi\u00e8me trimestre\u00a02021<\/a><\/h3>\n  \t<\/div>\n \t<div class=\"vc_recipe-link-date\">\n    \t<p><span class=\"vc_recipe-date\"><i class=\"icon-clock\"><\/i>21 d\u00e9cembre 2021<\/span> <\/p>\n  \t<\/div>  \n  \t<div class=\"vc_recipe-excerpt\">\n    \t<p>&gt;&gt; Au cours des neuf premiers mois de l\u2019ann\u00e9e, les exportations ont attein<\/p>\n\n  \t<\/div>\n  \t<div class=\"vc_recipe-readmore\">\n    \t<a href=\"https:\/\/consorcioserrano.es\/fr\/les-exportations-jambon-et-palettes-crus-augmentent-1417-jusquau-troisieme-trimestre-2021\/\">En savoir plus<\/a>\n    <\/div>\n\n  <\/div>\n\n\n  \n<\/div><\/div>\n\t\t<\/div>\n\t\t\n\t\t\n\t\t\t<div class=\"vc_col-sm-122\"><div class=\"vc_recipe \">\n  \n \n\n  <div class=\"vc_recipe_sidebar\">\n  \t<a href=\"https:\/\/consorcioserrano.es\/fr\/allemagne-france-et-suede-les-principales-destinations-europeennes-du-travail-promotion-du-consortium-du-jambon-serrano-espagnol\/\"><img width=\"626\" height=\"417\" src=\"https:\/\/consorcioserrano.es\/wp-content\/uploads\/2021\/05\/bandera_unon_europea_jamon_serrano.jpg\" class=\"attachment-full size-full img-responsive wp-post-image\" alt=\"Exportacion Jam\u00f3n Consorcio Serrano UE\" srcset=\"https:\/\/consorcioserrano.es\/wp-content\/uploads\/2021\/05\/bandera_unon_europea_jamon_serrano.jpg 626w, https:\/\/consorcioserrano.es\/wp-content\/uploads\/2021\/05\/bandera_unon_europea_jamon_serrano-300x200.jpg 300w, https:\/\/consorcioserrano.es\/wp-content\/uploads\/2021\/05\/bandera_unon_europea_jamon_serrano-219x146.jpg 219w, https:\/\/consorcioserrano.es\/wp-content\/uploads\/2021\/05\/bandera_unon_europea_jamon_serrano-50x33.jpg 50w, https:\/\/consorcioserrano.es\/wp-content\/uploads\/2021\/05\/bandera_unon_europea_jamon_serrano-113x75.jpg 113w\" sizes=\"auto, (max-width:767px) 480px, 626px\" loading=\"lazy\" decoding=\"async\" fetchpriority=\"low\" \/><\/a>\n\n\t<div class=\"vc_recipe-link\">\n    \t<h3><a href=\"https:\/\/consorcioserrano.es\/fr\/allemagne-france-et-suede-les-principales-destinations-europeennes-du-travail-promotion-du-consortium-du-jambon-serrano-espagnol\/\">Allemagne, France et Su\u00e8de, les principales destinations europ\u00e9ennes du travail de promotion du Consortium du Jambon Serrano Espagnol.<\/a><\/h3>\n  \t<\/div>\n \t<div class=\"vc_recipe-link-date\">\n    \t<p><span class=\"vc_recipe-date\"><i class=\"icon-clock\"><\/i>21 d\u00e9cembre 2021<\/span> <\/p>\n  \t<\/div>  \n  \t<div class=\"vc_recipe-excerpt\">\n    \t<p>&gt;&gt; La participation \u00e0 des salons professionnels, des s\u00e9minaires de coupe,<\/p>\n\n  \t<\/div>\n  \t<div class=\"vc_recipe-readmore\">\n    \t<a href=\"https:\/\/consorcioserrano.es\/fr\/allemagne-france-et-suede-les-principales-destinations-europeennes-du-travail-promotion-du-consortium-du-jambon-serrano-espagnol\/\">En savoir plus<\/a>\n    <\/div>\n\n  <\/div>\n\n\n  \n<\/div><\/div>\n\t\t<\/div>\n\t\t\n\t\t\n\t\t\t<div class=\"vc_col-sm-122\"><div class=\"vc_recipe \">\n  \n \n\n  <div class=\"vc_recipe_sidebar\">\n  \t<a href=\"https:\/\/consorcioserrano.es\/fr\/le-consortium-du-jambon-serrano-espagnol-poursuit-sa-campagne-avec-le-consorzio-del-prosciutto-di-parma-pour-promouvoir-le-jambon-qualite-australie\/\"><img width=\"612\" height=\"403\" src=\"https:\/\/consorcioserrano.es\/wp-content\/uploads\/2021\/12\/australia.jpg\" class=\"attachment-full size-full img-responsive wp-post-image\" alt=\"Jamon serrano en Australia\" srcset=\"https:\/\/consorcioserrano.es\/wp-content\/uploads\/2021\/12\/australia.jpg 612w, https:\/\/consorcioserrano.es\/wp-content\/uploads\/2021\/12\/australia-300x198.jpg 300w, https:\/\/consorcioserrano.es\/wp-content\/uploads\/2021\/12\/australia-222x146.jpg 222w, https:\/\/consorcioserrano.es\/wp-content\/uploads\/2021\/12\/australia-50x33.jpg 50w, https:\/\/consorcioserrano.es\/wp-content\/uploads\/2021\/12\/australia-114x75.jpg 114w\" sizes=\"auto, (max-width:767px) 480px, 612px\" loading=\"lazy\" decoding=\"async\" fetchpriority=\"low\" \/><\/a>\n\n\t<div class=\"vc_recipe-link\">\n    \t<h3><a href=\"https:\/\/consorcioserrano.es\/fr\/le-consortium-du-jambon-serrano-espagnol-poursuit-sa-campagne-avec-le-consorzio-del-prosciutto-di-parma-pour-promouvoir-le-jambon-qualite-australie\/\">Le Consortium du Jambon Serrano Espagnol poursuit sa campagne avec le Consorzio del Prosciutto di Parma pour promouvoir le jambon de qualit\u00e9 en Australie<\/a><\/h3>\n  \t<\/div>\n \t<div class=\"vc_recipe-link-date\">\n    \t<p><span class=\"vc_recipe-date\"><i class=\"icon-clock\"><\/i>21 d\u00e9cembre 2021<\/span> <\/p>\n  \t<\/div>  \n  \t<div class=\"vc_recipe-excerpt\">\n    \t<p>&gt;&gt; Les deux consortiums reprennent leur campagne de promotion dans le but<\/p>\n\n  \t<\/div>\n  \t<div class=\"vc_recipe-readmore\">\n    \t<a href=\"https:\/\/consorcioserrano.es\/fr\/le-consortium-du-jambon-serrano-espagnol-poursuit-sa-campagne-avec-le-consorzio-del-prosciutto-di-parma-pour-promouvoir-le-jambon-qualite-australie\/\">En savoir plus<\/a>\n    <\/div>\n\n  <\/div>\n\n\n  \n<\/div><\/div>\n\t\t<\/div>\n\t\t\n\t\n\t\n\n\t\n<\/div>\n[\/vc_column_text][\/vc_column_inner][\/vc_row_inner][\/vc_column][\/vc_row]<\/p>\n<\/div>","protected":false},"excerpt":{"rendered":"<p>Une fois de plus, le secteur des jambons sal\u00e9s a entra\u00een\u00e9 une augmentation de la consommation sur les march\u00e9s \u00e9trangers, notamment de 10,20% selon les donn\u00e9es de l&rsquo;AEAT, ce qui conforte la tendance \u00e0 la hausse des exportations espagnoles de ce produit.<\/p>\n","protected":false},"author":1,"featured_media":2911,"comment_status":"closed","ping_status":"closed","sticky":false,"template":"","format":"standard","meta":{"_acf_changed":false,"footnotes":""},"categories":[1405],"tags":[],"class_list":["post-3096","post","type-post","status-publish","format-standard","has-post-thumbnail","hentry","category-a-propos-de-jambon-serrano","sections_group lang-fr"],"yoast_head":"<!-- This site is optimized with the Yoast SEO plugin v28.3 - https:\/\/yoast.com\/product\/yoast-seo-wordpress\/ -->\n<title>Augmentation de 10,20% des exportations de jambons espagnols - Consorcio Jambon Serrano<\/title>\n<meta name=\"description\" content=\"ConsorcioSerrano : Jambon serrano haut de gamme certifi\u00e9 - S\u00e9lection manuelle de chaque jambon espagnol - Elaboration, d\u00e9coupe, tapas espagnoles\" \/>\n<meta name=\"robots\" content=\"index, follow, max-snippet:-1, max-image-preview:large, max-video-preview:-1\" \/>\n<link rel=\"canonical\" href=\"https:\/\/consorcioserrano.es\/fr\/incremento-del-1020-la-exportacion-los-jamones-curados-espanoles\/\" \/>\n<meta property=\"og:locale\" content=\"fr_FR\" \/>\n<meta property=\"og:type\" content=\"article\" \/>\n<meta property=\"og:title\" content=\"Augmentation de 10,20% des exportations de jambons espagnols - Consorcio Jambon Serrano\" \/>\n<meta property=\"og:description\" content=\"ConsorcioSerrano : Jambon serrano haut de gamme certifi\u00e9 - S\u00e9lection manuelle de chaque jambon espagnol - Elaboration, d\u00e9coupe, tapas espagnoles\" \/>\n<meta property=\"og:url\" content=\"https:\/\/consorcioserrano.es\/fr\/incremento-del-1020-la-exportacion-los-jamones-curados-espanoles\/\" \/>\n<meta property=\"og:site_name\" content=\"Consorcio del Jam\u00f3n Serrano\" \/>\n<meta property=\"article:published_time\" content=\"2015-04-27T12:38:21+00:00\" \/>\n<meta property=\"article:modified_time\" content=\"2017-11-10T10:19:31+00:00\" \/>\n<meta property=\"og:image\" content=\"https:\/\/consorcioserrano.es\/wp-content\/uploads\/2015\/04\/Incremento-del-1020-en-la-exportacion-de-los-jamones-curados-espanoles.jpg\" \/>\n\t<meta property=\"og:image:width\" content=\"800\" \/>\n\t<meta property=\"og:image:height\" content=\"500\" \/>\n\t<meta property=\"og:image:type\" content=\"image\/jpeg\" \/>\n<meta name=\"author\" content=\"eMutation\" \/>\n<meta name=\"twitter:card\" content=\"summary_large_image\" \/>\n<meta name=\"twitter:label1\" content=\"\u00c9crit par\" \/>\n\t<meta name=\"twitter:data1\" content=\"eMutation\" \/>\n\t<meta name=\"twitter:label2\" content=\"Dur\u00e9e de lecture estim\u00e9e\" \/>\n\t<meta name=\"twitter:data2\" content=\"2 minutes\" \/>\n<script type=\"application\/ld+json\" class=\"yoast-schema-graph\">{\"@context\":\"https:\\\/\\\/schema.org\",\"@graph\":[{\"@type\":\"Article\",\"@id\":\"https:\\\/\\\/consorcioserrano.es\\\/fr\\\/incremento-del-1020-la-exportacion-los-jamones-curados-espanoles\\\/#article\",\"isPartOf\":{\"@id\":\"https:\\\/\\\/consorcioserrano.es\\\/fr\\\/incremento-del-1020-la-exportacion-los-jamones-curados-espanoles\\\/\"},\"author\":{\"name\":\"eMutation\",\"@id\":\"https:\\\/\\\/consorcioserrano.es\\\/#\\\/schema\\\/person\\\/349ec1d93548782b3ecf3331d50e0535\"},\"headline\":\"Augmentation de 10,20% des exportations de jambons espagnols\",\"datePublished\":\"2015-04-27T12:38:21+00:00\",\"dateModified\":\"2017-11-10T10:19:31+00:00\",\"mainEntityOfPage\":{\"@id\":\"https:\\\/\\\/consorcioserrano.es\\\/fr\\\/incremento-del-1020-la-exportacion-los-jamones-curados-espanoles\\\/\"},\"wordCount\":309,\"image\":{\"@id\":\"https:\\\/\\\/consorcioserrano.es\\\/fr\\\/incremento-del-1020-la-exportacion-los-jamones-curados-espanoles\\\/#primaryimage\"},\"thumbnailUrl\":\"https:\\\/\\\/consorcioserrano.es\\\/wp-content\\\/uploads\\\/2015\\\/04\\\/Incremento-del-1020-en-la-exportacion-de-los-jamones-curados-espanoles.jpg\",\"articleSection\":[\"\u00c0 propos de Jambon Serrano\"],\"inLanguage\":\"fr-FR\"},{\"@type\":\"WebPage\",\"@id\":\"https:\\\/\\\/consorcioserrano.es\\\/fr\\\/incremento-del-1020-la-exportacion-los-jamones-curados-espanoles\\\/\",\"url\":\"https:\\\/\\\/consorcioserrano.es\\\/fr\\\/incremento-del-1020-la-exportacion-los-jamones-curados-espanoles\\\/\",\"name\":\"Augmentation de 10,20% des exportations de jambons espagnols - Consorcio Jambon Serrano\",\"isPartOf\":{\"@id\":\"https:\\\/\\\/consorcioserrano.es\\\/#website\"},\"primaryImageOfPage\":{\"@id\":\"https:\\\/\\\/consorcioserrano.es\\\/fr\\\/incremento-del-1020-la-exportacion-los-jamones-curados-espanoles\\\/#primaryimage\"},\"image\":{\"@id\":\"https:\\\/\\\/consorcioserrano.es\\\/fr\\\/incremento-del-1020-la-exportacion-los-jamones-curados-espanoles\\\/#primaryimage\"},\"thumbnailUrl\":\"https:\\\/\\\/consorcioserrano.es\\\/wp-content\\\/uploads\\\/2015\\\/04\\\/Incremento-del-1020-en-la-exportacion-de-los-jamones-curados-espanoles.jpg\",\"datePublished\":\"2015-04-27T12:38:21+00:00\",\"dateModified\":\"2017-11-10T10:19:31+00:00\",\"author\":{\"@id\":\"https:\\\/\\\/consorcioserrano.es\\\/#\\\/schema\\\/person\\\/349ec1d93548782b3ecf3331d50e0535\"},\"description\":\"ConsorcioSerrano : Jambon serrano haut de gamme certifi\u00e9 - S\u00e9lection manuelle de chaque jambon espagnol - Elaboration, d\u00e9coupe, tapas espagnoles\",\"breadcrumb\":{\"@id\":\"https:\\\/\\\/consorcioserrano.es\\\/fr\\\/incremento-del-1020-la-exportacion-los-jamones-curados-espanoles\\\/#breadcrumb\"},\"inLanguage\":\"fr-FR\",\"potentialAction\":[{\"@type\":\"ReadAction\",\"target\":[\"https:\\\/\\\/consorcioserrano.es\\\/fr\\\/incremento-del-1020-la-exportacion-los-jamones-curados-espanoles\\\/\"]}]},{\"@type\":\"ImageObject\",\"inLanguage\":\"fr-FR\",\"@id\":\"https:\\\/\\\/consorcioserrano.es\\\/fr\\\/incremento-del-1020-la-exportacion-los-jamones-curados-espanoles\\\/#primaryimage\",\"url\":\"https:\\\/\\\/consorcioserrano.es\\\/wp-content\\\/uploads\\\/2015\\\/04\\\/Incremento-del-1020-en-la-exportacion-de-los-jamones-curados-espanoles.jpg\",\"contentUrl\":\"https:\\\/\\\/consorcioserrano.es\\\/wp-content\\\/uploads\\\/2015\\\/04\\\/Incremento-del-1020-en-la-exportacion-de-los-jamones-curados-espanoles.jpg\",\"width\":800,\"height\":500},{\"@type\":\"BreadcrumbList\",\"@id\":\"https:\\\/\\\/consorcioserrano.es\\\/fr\\\/incremento-del-1020-la-exportacion-los-jamones-curados-espanoles\\\/#breadcrumb\",\"itemListElement\":[{\"@type\":\"ListItem\",\"position\":1,\"name\":\"Portada\",\"item\":\"https:\\\/\\\/consorcioserrano.es\\\/fr\\\/\"},{\"@type\":\"ListItem\",\"position\":2,\"name\":\"Augmentation de 10,20% des exportations de jambons espagnols\"}]},{\"@type\":\"WebSite\",\"@id\":\"https:\\\/\\\/consorcioserrano.es\\\/#website\",\"url\":\"https:\\\/\\\/consorcioserrano.es\\\/\",\"name\":\"Consorcio del Jam\u00f3n Serrano\",\"description\":\"ConsorcioSerrano : Jambon serrano haut de gamme certifi\u00e9 - S\u00e9lection manuelle de chaque jambon espagnol - Elaboration, d\u00e9coupe, tapas espagnoles\",\"potentialAction\":[{\"@type\":\"SearchAction\",\"target\":{\"@type\":\"EntryPoint\",\"urlTemplate\":\"https:\\\/\\\/consorcioserrano.es\\\/?s={search_term_string}\"},\"query-input\":{\"@type\":\"PropertyValueSpecification\",\"valueRequired\":true,\"valueName\":\"search_term_string\"}}],\"inLanguage\":\"fr-FR\"},{\"@type\":\"Person\",\"@id\":\"https:\\\/\\\/consorcioserrano.es\\\/#\\\/schema\\\/person\\\/349ec1d93548782b3ecf3331d50e0535\",\"name\":\"eMutation\"}]}<\/script>\n<!-- \/ Yoast SEO plugin. -->","yoast_head_json":{"title":"Augmentation de 10,20% des exportations de jambons espagnols - Consorcio Jambon Serrano","description":"ConsorcioSerrano : Jambon serrano haut de gamme certifi\u00e9 - S\u00e9lection manuelle de chaque jambon espagnol - Elaboration, d\u00e9coupe, tapas espagnoles","robots":{"index":"index","follow":"follow","max-snippet":"max-snippet:-1","max-image-preview":"max-image-preview:large","max-video-preview":"max-video-preview:-1"},"canonical":"https:\/\/consorcioserrano.es\/fr\/incremento-del-1020-la-exportacion-los-jamones-curados-espanoles\/","og_locale":"fr_FR","og_type":"article","og_title":"Augmentation de 10,20% des exportations de jambons espagnols - Consorcio Jambon Serrano","og_description":"ConsorcioSerrano : Jambon serrano haut de gamme certifi\u00e9 - S\u00e9lection manuelle de chaque jambon espagnol - Elaboration, d\u00e9coupe, tapas espagnoles","og_url":"https:\/\/consorcioserrano.es\/fr\/incremento-del-1020-la-exportacion-los-jamones-curados-espanoles\/","og_site_name":"Consorcio del Jam\u00f3n Serrano","article_published_time":"2015-04-27T12:38:21+00:00","article_modified_time":"2017-11-10T10:19:31+00:00","og_image":[{"width":800,"height":500,"url":"https:\/\/consorcioserrano.es\/wp-content\/uploads\/2015\/04\/Incremento-del-1020-en-la-exportacion-de-los-jamones-curados-espanoles.jpg","type":"image\/jpeg"}],"author":"eMutation","twitter_card":"summary_large_image","twitter_misc":{"\u00c9crit par":"eMutation","Dur\u00e9e de lecture estim\u00e9e":"2 minutes"},"schema":{"@context":"https:\/\/schema.org","@graph":[{"@type":"Article","@id":"https:\/\/consorcioserrano.es\/fr\/incremento-del-1020-la-exportacion-los-jamones-curados-espanoles\/#article","isPartOf":{"@id":"https:\/\/consorcioserrano.es\/fr\/incremento-del-1020-la-exportacion-los-jamones-curados-espanoles\/"},"author":{"name":"eMutation","@id":"https:\/\/consorcioserrano.es\/#\/schema\/person\/349ec1d93548782b3ecf3331d50e0535"},"headline":"Augmentation de 10,20% des exportations de jambons espagnols","datePublished":"2015-04-27T12:38:21+00:00","dateModified":"2017-11-10T10:19:31+00:00","mainEntityOfPage":{"@id":"https:\/\/consorcioserrano.es\/fr\/incremento-del-1020-la-exportacion-los-jamones-curados-espanoles\/"},"wordCount":309,"image":{"@id":"https:\/\/consorcioserrano.es\/fr\/incremento-del-1020-la-exportacion-los-jamones-curados-espanoles\/#primaryimage"},"thumbnailUrl":"https:\/\/consorcioserrano.es\/wp-content\/uploads\/2015\/04\/Incremento-del-1020-en-la-exportacion-de-los-jamones-curados-espanoles.jpg","articleSection":["\u00c0 propos de Jambon Serrano"],"inLanguage":"fr-FR"},{"@type":"WebPage","@id":"https:\/\/consorcioserrano.es\/fr\/incremento-del-1020-la-exportacion-los-jamones-curados-espanoles\/","url":"https:\/\/consorcioserrano.es\/fr\/incremento-del-1020-la-exportacion-los-jamones-curados-espanoles\/","name":"Augmentation de 10,20% des exportations de jambons espagnols - Consorcio Jambon Serrano","isPartOf":{"@id":"https:\/\/consorcioserrano.es\/#website"},"primaryImageOfPage":{"@id":"https:\/\/consorcioserrano.es\/fr\/incremento-del-1020-la-exportacion-los-jamones-curados-espanoles\/#primaryimage"},"image":{"@id":"https:\/\/consorcioserrano.es\/fr\/incremento-del-1020-la-exportacion-los-jamones-curados-espanoles\/#primaryimage"},"thumbnailUrl":"https:\/\/consorcioserrano.es\/wp-content\/uploads\/2015\/04\/Incremento-del-1020-en-la-exportacion-de-los-jamones-curados-espanoles.jpg","datePublished":"2015-04-27T12:38:21+00:00","dateModified":"2017-11-10T10:19:31+00:00","author":{"@id":"https:\/\/consorcioserrano.es\/#\/schema\/person\/349ec1d93548782b3ecf3331d50e0535"},"description":"ConsorcioSerrano : Jambon serrano haut de gamme certifi\u00e9 - S\u00e9lection manuelle de chaque jambon espagnol - Elaboration, d\u00e9coupe, tapas espagnoles","breadcrumb":{"@id":"https:\/\/consorcioserrano.es\/fr\/incremento-del-1020-la-exportacion-los-jamones-curados-espanoles\/#breadcrumb"},"inLanguage":"fr-FR","potentialAction":[{"@type":"ReadAction","target":["https:\/\/consorcioserrano.es\/fr\/incremento-del-1020-la-exportacion-los-jamones-curados-espanoles\/"]}]},{"@type":"ImageObject","inLanguage":"fr-FR","@id":"https:\/\/consorcioserrano.es\/fr\/incremento-del-1020-la-exportacion-los-jamones-curados-espanoles\/#primaryimage","url":"https:\/\/consorcioserrano.es\/wp-content\/uploads\/2015\/04\/Incremento-del-1020-en-la-exportacion-de-los-jamones-curados-espanoles.jpg","contentUrl":"https:\/\/consorcioserrano.es\/wp-content\/uploads\/2015\/04\/Incremento-del-1020-en-la-exportacion-de-los-jamones-curados-espanoles.jpg","width":800,"height":500},{"@type":"BreadcrumbList","@id":"https:\/\/consorcioserrano.es\/fr\/incremento-del-1020-la-exportacion-los-jamones-curados-espanoles\/#breadcrumb","itemListElement":[{"@type":"ListItem","position":1,"name":"Portada","item":"https:\/\/consorcioserrano.es\/fr\/"},{"@type":"ListItem","position":2,"name":"Augmentation de 10,20% des exportations de jambons espagnols"}]},{"@type":"WebSite","@id":"https:\/\/consorcioserrano.es\/#website","url":"https:\/\/consorcioserrano.es\/","name":"Consorcio del Jam\u00f3n Serrano","description":"ConsorcioSerrano : Jambon serrano haut de gamme certifi\u00e9 - S\u00e9lection manuelle de chaque jambon espagnol - Elaboration, d\u00e9coupe, tapas espagnoles","potentialAction":[{"@type":"SearchAction","target":{"@type":"EntryPoint","urlTemplate":"https:\/\/consorcioserrano.es\/?s={search_term_string}"},"query-input":{"@type":"PropertyValueSpecification","valueRequired":true,"valueName":"search_term_string"}}],"inLanguage":"fr-FR"},{"@type":"Person","@id":"https:\/\/consorcioserrano.es\/#\/schema\/person\/349ec1d93548782b3ecf3331d50e0535","name":"eMutation"}]}},"acf":[],"_links":{"self":[{"href":"https:\/\/consorcioserrano.es\/fr\/wp-json\/wp\/v2\/posts\/3096","targetHints":{"allow":["GET"]}}],"collection":[{"href":"https:\/\/consorcioserrano.es\/fr\/wp-json\/wp\/v2\/posts"}],"about":[{"href":"https:\/\/consorcioserrano.es\/fr\/wp-json\/wp\/v2\/types\/post"}],"author":[{"embeddable":true,"href":"https:\/\/consorcioserrano.es\/fr\/wp-json\/wp\/v2\/users\/1"}],"replies":[{"embeddable":true,"href":"https:\/\/consorcioserrano.es\/fr\/wp-json\/wp\/v2\/comments?post=3096"}],"version-history":[{"count":0,"href":"https:\/\/consorcioserrano.es\/fr\/wp-json\/wp\/v2\/posts\/3096\/revisions"}],"wp:featuredmedia":[{"embeddable":true,"href":"https:\/\/consorcioserrano.es\/fr\/wp-json\/wp\/v2\/media\/2911"}],"wp:attachment":[{"href":"https:\/\/consorcioserrano.es\/fr\/wp-json\/wp\/v2\/media?parent=3096"}],"wp:term":[{"taxonomy":"category","embeddable":true,"href":"https:\/\/consorcioserrano.es\/fr\/wp-json\/wp\/v2\/categories?post=3096"},{"taxonomy":"post_tag","embeddable":true,"href":"https:\/\/consorcioserrano.es\/fr\/wp-json\/wp\/v2\/tags?post=3096"}],"curies":[{"name":"wp","href":"https:\/\/api.w.org\/{rel}","templated":true}]}}